{"id":155,"date":"2024-07-10T14:29:45","date_gmt":"2024-07-10T14:29:45","guid":{"rendered":"https:\/\/cooperativadeaguasj.com.ar\/?p=155"},"modified":"2024-07-18T13:45:16","modified_gmt":"2024-07-18T13:45:16","slug":"155","status":"publish","type":"post","link":"https:\/\/cooperativadeaguasj.com.ar\/index.php\/2024\/07\/10\/155\/","title":{"rendered":"CONVOCATORIA A ASAMBLEA GENERAL ORDINARIA"},"content":{"rendered":"<p>[et_pb_section fb_built=\u00bb1&#8243; _builder_version=\u00bb4.24.2&#8243; _module_preset=\u00bbdefault\u00bb global_colors_info=\u00bb{}\u00bb][et_pb_row _builder_version=\u00bb4.24.2&#8243; _module_preset=\u00bbdefault\u00bb global_colors_info=\u00bb{}\u00bb][et_pb_column type=\u00bb4_4&#8243; _builder_version=\u00bb4.24.2&#8243; _module_preset=\u00bbdefault\u00bb global_colors_info=\u00bb{}\u00bb][et_pb_text _builder_version=\u00bb4.24.2&#8243; _module_preset=\u00bbdefault\u00bb global_colors_info=\u00bb{}\u00bb]<\/p>\n<p>Conforme a disposiciones de nuestros Estatutos Sociales y Leyes Vigentes, el Consejo de Administraci\u00f3n de la Cooperativa de Provisi\u00f3n de Servicios P\u00fablicos Asistenciales y de Vivienda de San Javier Limitada, tiene el agrado de invitar a Ud\/s a la <strong>ASAMBLEA GENERAL ORDINARIA que se llevar\u00e1 a cabo el d\u00eda 25 de Julio del 2024 en el CIC ubicado en la calle JJ Camera y General L\u00f3pez de la ciudad de San Javier<\/strong> \u2013 provincia de Santa Fe &#8211; para considerar el<\/p>\n<p><strong>Orden del d\u00eda:<\/strong><\/p>\n<p><strong>Primer llamado: 19: 00.<\/strong><\/p>\n<p><strong>Segundo llamado: 20:00\u00a0<\/strong><\/p>\n<p>1- Lectura y aprobaci\u00f3n del acta anterior.<br \/>2- Elecci\u00f3n de dos Asamble\u00edstas para firmar el Acta de Asamblea Ordinaria junto con el Presidente y Secretario.<br \/>3- Consideraci\u00f2n de la Memoria, estados contables, Cuadros Anexos, Informe del Auditor, Proyecto de Distribuci\u00f2n del Excedente e inter\u00e9s a las Cuotas Sociales, primer Balance Social de la entidad, correspondiente al 75\u00ba Ejercicio econ\u00f3mico cerrado el 31 de Diciembre de 2023.<br \/>4- Consideraci\u00f3n del Informe del S\u00edndico al ejercicio cerrado al 31 de diciembre del 2023.<br \/>5- Consideraci\u00f3n de capitalizaci\u00f3n de agua y sepelio<br \/>6- Designaci\u00f3n de tres integrantes para la mesa escrutadora \u2013 presentaci\u00f3n de propuestas<br \/>7- Elecci\u00f3n de cinco miembros Titulares por finalizaci\u00f3n de mandato de: Russo Carlos, Men\u00e9ndez Cristian, Sartor Silvia, Grecco Ana Mar\u00eda y Noemi Hurani.<\/p>\n<p>Elecci\u00f3n de cuatro vocales suplentes por finalizaci\u00f3n de mandato de: Ayala Paola, Mario Abel Bugnon, Mat\u00edas Rafael Aguiar y Luis Ram\u00f3n Gervasoni.Sin m\u00e1s saludamos a Usted atentamente.<\/p>\n<p>RUSSO CARLOS \u2013 presidente<br \/>CABRAL GONZALO &#8211; secretario<\/p>\n<p>[\/et_pb_text][\/et_pb_column][\/et_pb_row][\/et_pb_section]<\/p>\n","protected":false},"excerpt":{"rendered":"<p>Conforme a disposiciones de nuestros Estatutos Sociales y Leyes Vigentes, el Consejo de Administraci\u00f3n de la Cooperativa de Provisi\u00f3n de Servicios P\u00fablicos Asistenciales y de Vivienda de San Javier Limitada, tiene el agrado de invitar a Ud\/s a la ASAMBLEA GENERAL ORDINARIA que se llevar\u00e1 a cabo el d\u00eda 23 de Julio del 2024 en el CIC ubicado en la calle JJ Camera y General L\u00f3pez de la ciudad de San Javier \u2013 provincia de Santa Fe &#8211; para considerar el Primer llamado: 19: 00. Segundo llamado: 20:00 <\/p>\n","protected":false},"author":1,"featured_media":157,"comment_status":"open","ping_status":"open","sticky":true,"template":"","format":"standard","meta":{"_et_pb_use_builder":"on","_et_pb_old_content":"","_et_gb_content_width":"","footnotes":""},"categories":[5],"tags":[],"class_list":["post-155","post","type-post","status-publish","format-standard","has-post-thumbnail","hentry","category-administracion"],"aioseo_notices":[],"_links":{"self":[{"href":"https:\/\/cooperativadeaguasj.com.ar\/index.php\/wp-json\/wp\/v2\/posts\/155","targetHints":{"allow":["GET"]}}],"collection":[{"href":"https:\/\/cooperativadeaguasj.com.ar\/index.php\/wp-json\/wp\/v2\/posts"}],"about":[{"href":"https:\/\/cooperativadeaguasj.com.ar\/index.php\/wp-json\/wp\/v2\/types\/post"}],"author":[{"embeddable":true,"href":"https:\/\/cooperativadeaguasj.com.ar\/index.php\/wp-json\/wp\/v2\/users\/1"}],"replies":[{"embeddable":true,"href":"https:\/\/cooperativadeaguasj.com.ar\/index.php\/wp-json\/wp\/v2\/comments?post=155"}],"version-history":[{"count":8,"href":"https:\/\/cooperativadeaguasj.com.ar\/index.php\/wp-json\/wp\/v2\/posts\/155\/revisions"}],"predecessor-version":[{"id":169,"href":"https:\/\/cooperativadeaguasj.com.ar\/index.php\/wp-json\/wp\/v2\/posts\/155\/revisions\/169"}],"wp:featuredmedia":[{"embeddable":true,"href":"https:\/\/cooperativadeaguasj.com.ar\/index.php\/wp-json\/wp\/v2\/media\/157"}],"wp:attachment":[{"href":"https:\/\/cooperativadeaguasj.com.ar\/index.php\/wp-json\/wp\/v2\/media?parent=155"}],"wp:term":[{"taxonomy":"category","embeddable":true,"href":"https:\/\/cooperativadeaguasj.com.ar\/index.php\/wp-json\/wp\/v2\/categories?post=155"},{"taxonomy":"post_tag","embeddable":true,"href":"https:\/\/cooperativadeaguasj.com.ar\/index.php\/wp-json\/wp\/v2\/tags?post=155"}],"curies":[{"name":"wp","href":"https:\/\/api.w.org\/{rel}","templated":true}]}}